{"id":54900,"date":"2026-04-22T10:51:31","date_gmt":"2026-04-22T08:51:31","guid":{"rendered":"https:\/\/www.guetersloh-marketing.de\/?p=54900"},"modified":"2026-04-22T10:53:55","modified_gmt":"2026-04-22T08:53:55","slug":"in-voller-bluete","status":"publish","type":"post","link":"https:\/\/www.guetersloh-marketing.de\/en\/blog\/in-voller-bluete\/","title":{"rendered":"G\u00fctersloher Fr\u00fchling &#8222;in voller Bl\u00fcte&#8220;"},"content":{"rendered":"<div data-elementor-type=\"wp-post\" data-elementor-id=\"54900\" class=\"elementor elementor-54900\" data-elementor-post-type=\"post\">\n\t\t\t\t\t\t<section class=\"elementor-section elementor-top-section elementor-element elementor-element-c692b50 elementor-section-boxed elementor-section-height-default elementor-section-height-default\" data-id=\"c692b50\" data-element_type=\"section\">\n\t\t\t\t\t\t<div class=\"elementor-container elementor-column-gap-default\">\n\t\t\t\t\t<div class=\"elementor-column elementor-col-100 elementor-top-column elementor-element elementor-element-37a8a4e\" data-id=\"37a8a4e\" data-element_type=\"column\">\n\t\t\t<div class=\"elementor-widget-wrap elementor-element-populated\">\n\t\t\t\t\t\t<div class=\"elementor-element elementor-element-30bf140 elementor-widget elementor-widget-heading\" data-id=\"30bf140\" data-element_type=\"widget\" data-widget_type=\"heading.default\">\n\t\t\t\t<div class=\"elementor-widget-container\">\n\t\t\t<span id=\"30bf140\"><\/span><h1 class=\"elementor-heading-title elementor-size-default\">G\u00fctersloh spring in full bloom<\/h1>\t\t<\/div>\n\t\t\t\t<\/div>\n\t\t\t\t<div class=\"elementor-element elementor-element-28cef48 elementor-widget elementor-widget-heading\" data-id=\"28cef48\" data-element_type=\"widget\" data-widget_type=\"heading.default\">\n\t\t\t\t<div class=\"elementor-widget-container\">\n\t\t\t<span id=\"28cef48\"><\/span><h2 class=\"elementor-heading-title elementor-size-default\">Street-Art-Festival und verkaufsoffener Sonntag am ersten Maiwochenende<\/h2>\t\t<\/div>\n\t\t\t\t<\/div>\n\t\t\t\t\t<\/div>\n\t\t<\/div>\n\t\t\t\t\t<\/div>\n\t\t<\/section>\n\t\t\t\t<section class=\"elementor-section elementor-top-section elementor-element elementor-element-3aaa676 elementor-section-boxed elementor-section-height-default elementor-section-height-default\" data-id=\"3aaa676\" data-element_type=\"section\">\n\t\t\t\t\t\t<div class=\"elementor-container elementor-column-gap-default\">\n\t\t\t\t\t<div class=\"elementor-column elementor-col-50 elementor-top-column elementor-element elementor-element-d8dade5\" data-id=\"d8dade5\" data-element_type=\"column\">\n\t\t\t<div class=\"elementor-widget-wrap elementor-element-populated\">\n\t\t\t\t\t\t<div class=\"elementor-element elementor-element-0cfe618 elementor-widget elementor-widget-text-editor\" data-id=\"0cfe618\" data-element_type=\"widget\" data-widget_type=\"text-editor.default\">\n\t\t\t\t<div class=\"elementor-widget-container\">\n\t\t\t<span id=\"0cfe618\"><\/span>\t\t\t\t<p>Am ersten Maiwochenende, den 2. und 3. Mai, pr\u00e4sentiert sich der G\u00fctersloher Fr\u00fchling \u201ein voller Bl\u00fcte\u201c. Besucher*innen d\u00fcrfen sich auf ein abwechslungsreiches Programm in der Innenstadt freuen: Erneut organisiert G\u00fctersloh Marketing (gtm) ein Street-Art-Festival in der Innenstadt, das bereits in den vergangenen Jahren auf gro\u00dfe Resonanz gesto\u00dfen ist. Insgesamt zw\u00f6lf Street-Art-K\u00fcnstler*innen, darunter vier internationale Teilnehmende sowie drei neue K\u00fcnstler*innen, gestalten an beiden Veranstaltungstagen ausgew\u00e4hlte Pl\u00e4tze und Stra\u00dfenz\u00fcge mit gro\u00dfformatigen zwei- und dreidimensionalen Kunstwerken. F\u00fcr das leibliche Wohl sorgen Food-Trucks auf dem Berliner Platz, die am Samstag von 12 bis 18 Uhr und Sonntag von 13 bis 18 Uhr unter anderem Burger, Baumstriezel und Cocktails anbieten.<\/p>\t\t\t\t\t\t<\/div>\n\t\t\t\t<\/div>\n\t\t\t\t<div class=\"elementor-element elementor-element-cdf51d7 elementor-widget elementor-widget-text-editor\" data-id=\"cdf51d7\" data-element_type=\"widget\" data-widget_type=\"text-editor.default\">\n\t\t\t\t<div class=\"elementor-widget-container\">\n\t\t\t<span id=\"cdf51d7\"><\/span>\t\t\t\t<p>Am Sonntag, den 3. Mai, \u00f6ffnet zudem der G\u00fctersloher Einzelhandel von 13 bis 18 Uhr seine T\u00fcren zum zweiten verkaufsoffenen Sonntag des Jahres. Der verkaufsoffene Sonntag wird unterst\u00fctzt von der Werbegemeinschaft G\u00fctersloh. Musikalische Untermalung bieten insgesamt drei S\u00e4nger*innen und ein Geigenspieler, die je an verschiedenen Orten der Innenstadt spielen werden. Die Spiekergasse verwandelt sich dank der K\u00fcnstler*inneninitiative G\u00fctzilla in eine Open-Air-Galerie, bei der Besucher*innen unterschiedliche Werke entdecken, mit K\u00fcnstler*innen ins Gespr\u00e4ch kommen und Kunstwerke erwerben k\u00f6nnen. Auf dem Kolbeplatz entsteht ein Familienbereich: Hier k\u00f6nnen sich Kinder auf einem Pop-Up-Spielplatz austoben bei dem auch eine H\u00fcpfburg sowie eine Eisenbahn den Kindern viel Spa\u00df bieten.<\/p>\t\t\t\t\t\t<\/div>\n\t\t\t\t<\/div>\n\t\t\t\t\t<\/div>\n\t\t<\/div>\n\t\t\t\t<div class=\"elementor-column elementor-col-50 elementor-top-column elementor-element elementor-element-b2707c0\" data-id=\"b2707c0\" data-element_type=\"column\">\n\t\t\t<div class=\"elementor-widget-wrap elementor-element-populated\">\n\t\t\t\t\t\t<div class=\"elementor-element elementor-element-c264a1d elementor-widget elementor-widget-image\" data-id=\"c264a1d\" data-element_type=\"widget\" data-widget_type=\"image.default\">\n\t\t\t\t<div class=\"elementor-widget-container\">\n\t\t\t<span id=\"c264a1d\"><\/span>\t\t\t\t\t\t\t\t\t\t<img fetchpriority=\"high\" decoding=\"async\" width=\"800\" height=\"534\" src=\"https:\/\/www.guetersloh-marketing.de\/wp-content\/uploads\/2026\/03\/blueht-auf-guetersloher-fruehling-blueht-auf--lena-descher-9367-1024x683.jpg\" class=\"attachment-large size-large wp-image-54612\" alt=\"\" srcset=\"https:\/\/www.guetersloh-marketing.de\/wp-content\/uploads\/2026\/03\/blueht-auf-guetersloher-fruehling-blueht-auf--lena-descher-9367-1024x683.jpg 1024w, https:\/\/www.guetersloh-marketing.de\/wp-content\/uploads\/2026\/03\/blueht-auf-guetersloher-fruehling-blueht-auf--lena-descher-9367-300x200.jpg 300w, https:\/\/www.guetersloh-marketing.de\/wp-content\/uploads\/2026\/03\/blueht-auf-guetersloher-fruehling-blueht-auf--lena-descher-9367-768x512.jpg 768w, https:\/\/www.guetersloh-marketing.de\/wp-content\/uploads\/2026\/03\/blueht-auf-guetersloher-fruehling-blueht-auf--lena-descher-9367-18x12.jpg 18w, https:\/\/www.guetersloh-marketing.de\/wp-content\/uploads\/2026\/03\/blueht-auf-guetersloher-fruehling-blueht-auf--lena-descher-9367-560x373.jpg 560w, https:\/\/www.guetersloh-marketing.de\/wp-content\/uploads\/2026\/03\/blueht-auf-guetersloher-fruehling-blueht-auf--lena-descher-9367.jpg 1500w\" sizes=\"(max-width: 800px) 100vw, 800px\" \/>\t\t\t\t\t\t\t\t\t\t\t\t\t<\/div>\n\t\t\t\t<\/div>\n\t\t\t\t<div class=\"elementor-element elementor-element-a304cd6 elementor-widget elementor-widget-heading\" data-id=\"a304cd6\" data-element_type=\"widget\" data-widget_type=\"heading.default\">\n\t\t\t\t<div class=\"elementor-widget-container\">\n\t\t\t<span id=\"a304cd6\"><\/span><h3 class=\"elementor-heading-title elementor-size-default\">Fr\u00fchlings-Rallye<\/h3>\t\t<\/div>\n\t\t\t\t<\/div>\n\t\t\t\t<div class=\"elementor-element elementor-element-c1004cf elementor-widget elementor-widget-text-editor\" data-id=\"c1004cf\" data-element_type=\"widget\" data-widget_type=\"text-editor.default\">\n\t\t\t\t<div class=\"elementor-widget-container\">\n\t\t\t<span id=\"c1004cf\"><\/span>\t\t\t\t<p>Zudem ist weiterhin die Teilnahme an der Fr\u00fchlings-Rallye f\u00fcr Stadtteil-Detektiv*innen m\u00f6glich: An einigen Dekorationselementen in der Innenstadt sind Fragen zu den G\u00fctersloher Stadtteilen zu finden. Kinder, die alle Fragen beantwortet und so das L\u00f6sungswort gefunden haben, erhalten in der Tourist-Information von G\u00fctersloh Marketing (Berliner Stra\u00dfe 63) eine Urkunde und ein kleines Pr\u00e4sent. Die Teilnahme ist noch bis zum 17. Mai m\u00f6glich.<\/p>\t\t\t\t\t\t<\/div>\n\t\t\t\t<\/div>\n\t\t\t\t\t<\/div>\n\t\t<\/div>\n\t\t\t\t\t<\/div>\n\t\t<\/section>\n\t\t\t\t<section class=\"elementor-section elementor-top-section elementor-element elementor-element-d2a254a elementor-section-boxed elementor-section-height-default elementor-section-height-default\" data-id=\"d2a254a\" data-element_type=\"section\">\n\t\t\t\t\t\t<div class=\"elementor-container elementor-column-gap-default\">\n\t\t\t\t\t<div class=\"elementor-column elementor-col-100 elementor-top-column elementor-element elementor-element-bb93274\" data-id=\"bb93274\" data-element_type=\"column\">\n\t\t\t<div class=\"elementor-widget-wrap elementor-element-populated\">\n\t\t\t\t\t\t<div class=\"elementor-element elementor-element-3309f8b elementor-widget elementor-widget-heading\" data-id=\"3309f8b\" data-element_type=\"widget\" data-widget_type=\"heading.default\">\n\t\t\t\t<div class=\"elementor-widget-container\">\n\t\t\t<span id=\"3309f8b\"><\/span><h2 class=\"elementor-heading-title elementor-size-default\">G\u00fctersloher Fr\u00fchling<\/h2>\t\t<\/div>\n\t\t\t\t<\/div>\n\t\t\t\t<div class=\"elementor-element elementor-element-5ed26fe elementor-widget elementor-widget-text-editor\" data-id=\"5ed26fe\" data-element_type=\"widget\" data-widget_type=\"text-editor.default\">\n\t\t\t\t<div class=\"elementor-widget-container\">\n\t\t\t<span id=\"5ed26fe\"><\/span>\t\t\t\t<p>Im Rahmen des G\u00fctersloher Fr\u00fchlings wird die Innenstadt jedes Jahr in eine farbenfrohe, bl\u00fchende Erlebnisfl\u00e4che verwandelt. Herzst\u00fcck sind die bepflanzte Parklandschaft auf dem Berliner Platz und die vielf\u00e4ltigen bepflanzten Elemente in der Innenstadt, die stets mit gro\u00dfem Engagement und viel Kreativit\u00e4t von G\u00fcterslohs Gr\u00fcner Branche gestaltet werden. Die Parklandschaft, gro\u00dfformatige Blument\u00f6pfe mit integrierten Sitzb\u00e4nken, tempor\u00e4r angelegte Blumenbeete sowie verschiedene Fotospots bleiben noch bis zum 17. Mai bestehen. Der G\u00fctersloher Fr\u00fchling ist eine Veranstaltung von G\u00fctersloh Marketing (gtm). G\u00fctersloh Marketing dankt allen Sponsoren f\u00fcr ihre Unterst\u00fctzung des G\u00fctersloher Fr\u00fchlings, insbesondere Bertelsmann, Miele, der Sparkasse, der Volksbank, Klingenthal, porta, den Baustoff-Partnern, dem G\u00fctersloher Wertstoffzentrum und Rasenhof Wullengerd. Alle Informationen zum G\u00fctersloher Fr\u00fchling und den Aktionen k\u00f6nnen unter <a href=\"http:\/\/www.guetersloherfruehling.de\">www.guetersloherfruehling.de<\/a> .<\/p>\t\t\t\t\t\t<\/div>\n\t\t\t\t<\/div>\n\t\t\t\t\t<\/div>\n\t\t<\/div>\n\t\t\t\t\t<\/div>\n\t\t<\/section>\n\t\t\t\t<section class=\"elementor-section elementor-top-section elementor-element elementor-element-fcfb0dd elementor-section-boxed elementor-section-height-default elementor-section-height-default\" data-id=\"fcfb0dd\" data-element_type=\"section\">\n\t\t\t\t\t\t<div class=\"elementor-container elementor-column-gap-default\">\n\t\t\t\t\t<div class=\"elementor-column elementor-col-100 elementor-top-column elementor-element elementor-element-e7e7a6f\" data-id=\"e7e7a6f\" data-element_type=\"column\">\n\t\t\t<div class=\"elementor-widget-wrap elementor-element-populated\">\n\t\t\t\t\t\t<div class=\"elementor-element elementor-element-7290b69 elementor-icon-list--layout-inline elementor-align-center elementor-list-item-link-full_width elementor-widget elementor-widget-icon-list\" data-id=\"7290b69\" data-element_type=\"widget\" data-widget_type=\"icon-list.default\">\n\t\t\t\t<div class=\"elementor-widget-container\">\n\t\t\t<span id=\"7290b69\"><\/span>\t\t<ul class=\"elementor-icon-list-items elementor-inline-items\">\n\t\t\t\t\t\t\t<li class=\"elementor-icon-list-item elementor-inline-item\">\n\t\t\t\t\t\t\t\t\t\t\t<span class=\"elementor-icon-list-icon\">\n\t\t\t\t\t\t\t<i aria-hidden=\"true\" class=\"far fa-copyright\"><\/i>\t\t\t\t\t\t<\/span>\n\t\t\t\t\t\t\t\t\t\t<span class=\"elementor-icon-list-text\">Titel-\/Beitragsbild: Lena Descher<\/span>\n\t\t\t\t\t\t\t\t\t<\/li>\n\t\t\t\t\t\t<\/ul>\n\t\t\t\t<\/div>\n\t\t\t\t<\/div>\n\t\t\t\t\t<\/div>\n\t\t<\/div>\n\t\t\t\t\t<\/div>\n\t\t<\/section>\n\t\t\t\t<\/div>","protected":false},"excerpt":{"rendered":"<p>Am ersten Maiwochenende, den 2. und 3. Mai, pr\u00e4sentiert sich der G\u00fctersloher Fr\u00fchling \u201ein voller Bl\u00fcte\u201c. Besucher*innen d\u00fcrfen sich auf ein abwechslungsreiches Programm in der Innenstadt freuen.<\/p>","protected":false},"author":25,"featured_media":54472,"comment_status":"open","ping_status":"open","sticky":false,"template":"","format":"standard","meta":{"_acf_changed":false,"footnotes":""},"categories":[1],"tags":[],"competences":[],"class_list":["post-54900","post","type-post","status-publish","format-standard","has-post-thumbnail","hentry","category-allgemein"],"acf":[],"_links":{"self":[{"href":"https:\/\/www.guetersloh-marketing.de\/en\/wp-json\/wp\/v2\/posts\/54900","targetHints":{"allow":["GET"]}}],"collection":[{"href":"https:\/\/www.guetersloh-marketing.de\/en\/wp-json\/wp\/v2\/posts"}],"about":[{"href":"https:\/\/www.guetersloh-marketing.de\/en\/wp-json\/wp\/v2\/types\/post"}],"author":[{"embeddable":true,"href":"https:\/\/www.guetersloh-marketing.de\/en\/wp-json\/wp\/v2\/users\/25"}],"replies":[{"embeddable":true,"href":"https:\/\/www.guetersloh-marketing.de\/en\/wp-json\/wp\/v2\/comments?post=54900"}],"version-history":[{"count":7,"href":"https:\/\/www.guetersloh-marketing.de\/en\/wp-json\/wp\/v2\/posts\/54900\/revisions"}],"predecessor-version":[{"id":54907,"href":"https:\/\/www.guetersloh-marketing.de\/en\/wp-json\/wp\/v2\/posts\/54900\/revisions\/54907"}],"wp:featuredmedia":[{"embeddable":true,"href":"https:\/\/www.guetersloh-marketing.de\/en\/wp-json\/wp\/v2\/media\/54472"}],"wp:attachment":[{"href":"https:\/\/www.guetersloh-marketing.de\/en\/wp-json\/wp\/v2\/media?parent=54900"}],"wp:term":[{"taxonomy":"category","embeddable":true,"href":"https:\/\/www.guetersloh-marketing.de\/en\/wp-json\/wp\/v2\/categories?post=54900"},{"taxonomy":"post_tag","embeddable":true,"href":"https:\/\/www.guetersloh-marketing.de\/en\/wp-json\/wp\/v2\/tags?post=54900"},{"taxonomy":"competences","embeddable":true,"href":"https:\/\/www.guetersloh-marketing.de\/en\/wp-json\/wp\/v2\/competences?post=54900"}],"curies":[{"name":"wp","href":"https:\/\/api.w.org\/{rel}","templated":true}]}}