{"id":54204,"date":"2026-03-05T11:56:59","date_gmt":"2026-03-05T10:56:59","guid":{"rendered":"https:\/\/www.guetersloh-marketing.de\/?p=54204"},"modified":"2026-03-05T12:03:05","modified_gmt":"2026-03-05T11:03:05","slug":"neue-stadtfuhrungen-in-guetersloh","status":"publish","type":"post","link":"https:\/\/www.guetersloh-marketing.de\/en\/blog\/neue-stadtfuhrungen-in-guetersloh\/","title":{"rendered":"Neue Stadtf\u00fchrungen in G\u00fctersloh"},"content":{"rendered":"<div data-elementor-type=\"wp-post\" data-elementor-id=\"54204\" class=\"elementor elementor-54204\" data-elementor-post-type=\"post\">\n\t\t\t\t\t\t<section class=\"elementor-section elementor-top-section elementor-element elementor-element-700a2eb elementor-section-boxed elementor-section-height-default elementor-section-height-default\" data-id=\"700a2eb\" data-element_type=\"section\">\n\t\t\t\t\t\t<div class=\"elementor-container elementor-column-gap-default\">\n\t\t\t\t\t<div class=\"elementor-column elementor-col-100 elementor-top-column elementor-element elementor-element-1ec2c02\" data-id=\"1ec2c02\" data-element_type=\"column\">\n\t\t\t<div class=\"elementor-widget-wrap elementor-element-populated\">\n\t\t\t\t\t\t<div class=\"elementor-element elementor-element-a70ebbf elementor-widget elementor-widget-heading\" data-id=\"a70ebbf\" data-element_type=\"widget\" data-widget_type=\"heading.default\">\n\t\t\t\t<div class=\"elementor-widget-container\">\n\t\t\t<span id=\"a70ebbf\"><\/span><h1 class=\"elementor-heading-title elementor-size-default\">Neue Stadtf\u00fchrungen in G\u00fctersloh<\/h1>\t\t<\/div>\n\t\t\t\t<\/div>\n\t\t\t\t<div class=\"elementor-element elementor-element-cdd65ca elementor-widget elementor-widget-heading\" data-id=\"cdd65ca\" data-element_type=\"widget\" data-widget_type=\"heading.default\">\n\t\t\t\t<div class=\"elementor-widget-container\">\n\t\t\t<span id=\"cdd65ca\"><\/span><h2 class=\"elementor-heading-title elementor-size-default\">Mehr Termine und neue Formate im Programm von G\u00fctersloh Marketing<\/h2>\t\t<\/div>\n\t\t\t\t<\/div>\n\t\t\t\t\t<\/div>\n\t\t<\/div>\n\t\t\t\t\t<\/div>\n\t\t<\/section>\n\t\t\t\t<section class=\"elementor-section elementor-top-section elementor-element elementor-element-b60ae97 elementor-section-boxed elementor-section-height-default elementor-section-height-default\" data-id=\"b60ae97\" data-element_type=\"section\">\n\t\t\t\t\t\t<div class=\"elementor-container elementor-column-gap-default\">\n\t\t\t\t\t<div class=\"elementor-column elementor-col-100 elementor-top-column elementor-element elementor-element-dfa1828\" data-id=\"dfa1828\" data-element_type=\"column\">\n\t\t\t<div class=\"elementor-widget-wrap elementor-element-populated\">\n\t\t\t\t\t\t<div class=\"elementor-element elementor-element-34cdc8e elementor-widget elementor-widget-text-editor\" data-id=\"34cdc8e\" data-element_type=\"widget\" data-widget_type=\"text-editor.default\">\n\t\t\t\t<div class=\"elementor-widget-container\">\n\t\t\t<span id=\"34cdc8e\"><\/span>\t\t\t\t<p>Wir haben unser Angebot an Stadtf\u00fchrungen ausgebaut und bieten ab sofort viele neue Themenf\u00fchrungen und zahlreiche \u00f6ffentliche Termine an. Neben neuen Konzepten, die das bestehende Angebot erg\u00e4nzen, werden nun auch wochentags F\u00fchrungen am Nachmittag angeboten. Diese eignen sich ideal als entspannte Feierabendaktivit\u00e4t. Folgende F\u00fchrungen stehen im April auf dem Programm:<\/p>\t\t\t\t\t\t<\/div>\n\t\t\t\t<\/div>\n\t\t\t\t\t<\/div>\n\t\t<\/div>\n\t\t\t\t\t<\/div>\n\t\t<\/section>\n\t\t\t\t<section class=\"elementor-section elementor-top-section elementor-element elementor-element-71762a0 elementor-section-boxed elementor-section-height-default elementor-section-height-default\" data-id=\"71762a0\" data-element_type=\"section\">\n\t\t\t\t\t\t<div class=\"elementor-container elementor-column-gap-default\">\n\t\t\t\t\t<div class=\"elementor-column elementor-col-50 elementor-top-column elementor-element elementor-element-f54b7a1\" data-id=\"f54b7a1\" data-element_type=\"column\">\n\t\t\t<div class=\"elementor-widget-wrap elementor-element-populated\">\n\t\t\t\t\t\t<div class=\"elementor-element elementor-element-3f32665 elementor-widget elementor-widget-text-editor\" data-id=\"3f32665\" data-element_type=\"widget\" data-widget_type=\"text-editor.default\">\n\t\t\t\t<div class=\"elementor-widget-container\">\n\t\t\t<span id=\"3f32665\"><\/span>\t\t\t\t<p>Passend zu Ostern findet am Karsamstag, 4. April, um 15 Uhr die F\u00fchrung \u201eHistorische Kirchen und Religion in G\u00fctersloh\u201c mit Rolf Erdsiek statt. Der Stadtf\u00fchrer geht dabei unter anderem auf die religi\u00f6sen Besonderheiten unserer Stadt ein.<\/p>\t\t\t\t\t\t<\/div>\n\t\t\t\t<\/div>\n\t\t\t\t<div class=\"elementor-element elementor-element-d96dd5b elementor-widget elementor-widget-text-editor\" data-id=\"d96dd5b\" data-element_type=\"widget\" data-widget_type=\"text-editor.default\">\n\t\t\t\t<div class=\"elementor-widget-container\">\n\t\t\t<span id=\"d96dd5b\"><\/span>\t\t\t\tBeim \u201eKlassiker\u201c mit Rolf Erdsiek am Mittwoch, den 15. April, sowie bei der F\u00fchrung \u201eGeschichte entdecken \u2013 Stadt erleben\u201c mit Frank Rohland am Mittwoch, den 22. April, jeweils um 16:30 Uhr erfahren Teilnehmende bei einem informativen Stadtrundgang, wie sich G\u00fctersloh von einem kleinen Kirchdorf zu einer modernen Stadt entwickelt hat. Am Freitag, den 17. April, begibt sich zudem Stadtf\u00fchrer Klaus Gottenstr\u00f6ter ab 18 Uhr in der Rolle des Nachtw\u00e4chters zum letzten Mal vor dem Herbst auf seinen abendlichen Rundgang durch G\u00fctersloh und gew\u00e4hrt Einblicke in das damalige Leben und die Stadtgeschichte.\t\t\t\t\t\t<\/div>\n\t\t\t\t<\/div>\n\t\t\t\t\t<\/div>\n\t\t<\/div>\n\t\t\t\t<div class=\"elementor-column elementor-col-50 elementor-top-column elementor-element elementor-element-9efa92b\" data-id=\"9efa92b\" data-element_type=\"column\">\n\t\t\t<div class=\"elementor-widget-wrap elementor-element-populated\">\n\t\t\t\t\t\t<div class=\"elementor-element elementor-element-446dd0c elementor-widget elementor-widget-image\" data-id=\"446dd0c\" data-element_type=\"widget\" data-widget_type=\"image.default\">\n\t\t\t\t<div class=\"elementor-widget-container\">\n\t\t\t<span id=\"446dd0c\"><\/span>\t\t\t\t\t\t\t\t\t\t<img fetchpriority=\"high\" decoding=\"async\" width=\"800\" height=\"534\" src=\"https:\/\/www.guetersloh-marketing.de\/wp-content\/uploads\/2026\/03\/automatisch-gespeicherter-entwurf-stadtfuehrungen-guetersloh--daniela-toman-1024x683.jpg\" class=\"attachment-large size-large wp-image-54205\" alt=\"Sieben Personen stehen um eine an einer Wand angebrachten Plakette. Ein Mann zeigt darauf und spricht, er tr\u00e4gt eine Tasche mit der Aufschrift &quot;Stadtf\u00fchrungen G\u00fctersloh&quot;\" srcset=\"https:\/\/www.guetersloh-marketing.de\/wp-content\/uploads\/2026\/03\/automatisch-gespeicherter-entwurf-stadtfuehrungen-guetersloh--daniela-toman-1024x683.jpg 1024w, https:\/\/www.guetersloh-marketing.de\/wp-content\/uploads\/2026\/03\/automatisch-gespeicherter-entwurf-stadtfuehrungen-guetersloh--daniela-toman-300x200.jpg 300w, https:\/\/www.guetersloh-marketing.de\/wp-content\/uploads\/2026\/03\/automatisch-gespeicherter-entwurf-stadtfuehrungen-guetersloh--daniela-toman-768x512.jpg 768w, https:\/\/www.guetersloh-marketing.de\/wp-content\/uploads\/2026\/03\/automatisch-gespeicherter-entwurf-stadtfuehrungen-guetersloh--daniela-toman-18x12.jpg 18w, https:\/\/www.guetersloh-marketing.de\/wp-content\/uploads\/2026\/03\/automatisch-gespeicherter-entwurf-stadtfuehrungen-guetersloh--daniela-toman-560x373.jpg 560w, https:\/\/www.guetersloh-marketing.de\/wp-content\/uploads\/2026\/03\/automatisch-gespeicherter-entwurf-stadtfuehrungen-guetersloh--daniela-toman.jpg 1500w\" sizes=\"(max-width: 800px) 100vw, 800px\" \/>\t\t\t\t\t\t\t\t\t\t\t\t\t<\/div>\n\t\t\t\t<\/div>\n\t\t\t\t\t<\/div>\n\t\t<\/div>\n\t\t\t\t\t<\/div>\n\t\t<\/section>\n\t\t\t\t<section class=\"elementor-section elementor-top-section elementor-element elementor-element-030906f elementor-section-boxed elementor-section-height-default elementor-section-height-default\" data-id=\"030906f\" data-element_type=\"section\">\n\t\t\t\t\t\t<div class=\"elementor-container elementor-column-gap-default\">\n\t\t\t\t\t<div class=\"elementor-column elementor-col-50 elementor-top-column elementor-element elementor-element-14f042d\" data-id=\"14f042d\" data-element_type=\"column\">\n\t\t\t<div class=\"elementor-widget-wrap elementor-element-populated\">\n\t\t\t\t\t\t<div class=\"elementor-element elementor-element-7ae43b7 elementor-widget elementor-widget-image\" data-id=\"7ae43b7\" data-element_type=\"widget\" data-widget_type=\"image.default\">\n\t\t\t\t<div class=\"elementor-widget-container\">\n\t\t\t<span id=\"7ae43b7\"><\/span>\t\t\t\t\t\t\t<figure class=\"wp-caption\">\n\t\t\t\t\t\t\t\t\t\t<img decoding=\"async\" width=\"667\" height=\"1000\" src=\"https:\/\/www.guetersloh-marketing.de\/wp-content\/uploads\/2026\/03\/anita-11a4045-anita-11a4045.jpg\" class=\"attachment-large size-large wp-image-54177\" alt=\"Stadtf\u00fchrerin Anita Offel-Grohmann sitzt auf einer Holzbank. Im Hintergrund befindet sich ein botanischer Garten.\" srcset=\"https:\/\/www.guetersloh-marketing.de\/wp-content\/uploads\/2026\/03\/anita-11a4045-anita-11a4045.jpg 667w, https:\/\/www.guetersloh-marketing.de\/wp-content\/uploads\/2026\/03\/anita-11a4045-anita-11a4045-200x300.jpg 200w, https:\/\/www.guetersloh-marketing.de\/wp-content\/uploads\/2026\/03\/anita-11a4045-anita-11a4045-8x12.jpg 8w, https:\/\/www.guetersloh-marketing.de\/wp-content\/uploads\/2026\/03\/anita-11a4045-anita-11a4045-560x840.jpg 560w\" sizes=\"(max-width: 667px) 100vw, 667px\" \/>\t\t\t\t\t\t\t\t\t\t\t<figcaption class=\"widget-image-caption wp-caption-text\">Parkf\u00fchrerin Anita Offel-Grohmann<\/figcaption>\n\t\t\t\t\t\t\t\t\t\t<\/figure>\n\t\t\t\t\t\t\t<\/div>\n\t\t\t\t<\/div>\n\t\t\t\t\t<\/div>\n\t\t<\/div>\n\t\t\t\t<div class=\"elementor-column elementor-col-50 elementor-top-column elementor-element elementor-element-ddd231d\" data-id=\"ddd231d\" data-element_type=\"column\">\n\t\t\t<div class=\"elementor-widget-wrap elementor-element-populated\">\n\t\t\t\t\t\t<div class=\"elementor-element elementor-element-1c17540 elementor-widget__width-initial elementor-widget elementor-widget-text-editor\" data-id=\"1c17540\" data-element_type=\"widget\" data-widget_type=\"text-editor.default\">\n\t\t\t\t<div class=\"elementor-widget-container\">\n\t\t\t<span id=\"1c17540\"><\/span>\t\t\t\t<p>Auch f\u00fcr Genie\u00dfer*innen hat G\u00fctersloh Marketing ihr Angebot erweitert: Der exklusive kulinarische Rundgang \u201eG\u00fctersloher Genussmomente\u201c am Samstag, den 18. April, f\u00fchrt die Teilnehmenden ab 17:30 Uhr zu drei ausgew\u00e4hlten Restaurants. Bei der rund vierst\u00fcndigen Tour erwartet sie ein delikates Drei-G\u00e4nge-Men\u00fc sowie Wissenswertes und spannende Anekdoten \u00fcber die Geschichte G\u00fcterslohs von Stadtf\u00fchrer Klaus Gottenstr\u00f6ter. Mit der \u201eKleinen Stadtf\u00fchrung mit Genuss\u201c bietet Stadtf\u00fchrerin Elisabeth Erdsiek am Freitag, den 24. April, um 15 Uhr eine neue barrierefreie Tour an, die sich f\u00fcr alle eignet, die die Besonderheiten der Stadt auf kurzen Wegen und mit allen Sinnen erleben m\u00f6chten. Die F\u00fchrung mit barrierefreier, kurzer Route beinhaltet ein Getr\u00e4nk im Caf\u00e9 sowie eine Probierpause. Au\u00dferdem wird die im Jubil\u00e4umsjahr stark nachgefragte Kneipentour \u201eSchaumkronen und Stadtgefl\u00fcster\u201c in diesem Jahr an sechs Termine angeboten. Der erste Termin ist am Samstag, den 25. April, um 17:30 Uhr. Bei dieser Tour kehren die Teilnehmenden in geselliger Runde in vier ausgew\u00e4hlte G\u00fctersloher Kneipen ein und erfahren nebenbei Wissenswertes \u00fcber die Stadt, die besuchten Lokale und die lokale Kneipenkultur.<\/p>\t\t\t\t\t\t<\/div>\n\t\t\t\t<\/div>\n\t\t\t\t<div class=\"elementor-element elementor-element-d1347cf elementor-widget elementor-widget-text-editor\" data-id=\"d1347cf\" data-element_type=\"widget\" data-widget_type=\"text-editor.default\">\n\t\t\t\t<div class=\"elementor-widget-container\">\n\t\t\t<span id=\"d1347cf\"><\/span>\t\t\t\t<p>Botanisch Interessierte k\u00f6nnen sich auf die F\u00fchrungen durch den Stadtpark und den Botanischen Garten freuen. W\u00e4hrend Anita Offel-Grohmann im Rundgang \u201eWer kennt wen? \u2013 Die B\u00e4ume im Botanischen Garten G\u00fctersloh\u201c am Samstag, den 25. April, 14 Uhr den Fokus auf die Baumbepflanzung legt und zur Jahreszeit passend auf die Kirschbl\u00fcte eingeht, erl\u00e4utert Parkf\u00fchrerin Daniela Toman in ihrer F\u00fchrung \u201eAb ins Gr\u00fcne\u201c am Mittwoch, den 29. April, um 16:30 Uhr die H\u00f6hepunkte und Besonderheiten der G\u00fctersloher Parkanlage.<\/p>\t\t\t\t\t\t<\/div>\n\t\t\t\t<\/div>\n\t\t\t\t\t<\/div>\n\t\t<\/div>\n\t\t\t\t\t<\/div>\n\t\t<\/section>\n\t\t\t\t<section class=\"elementor-section elementor-top-section elementor-element elementor-element-3f3d4bc elementor-section-boxed elementor-section-height-default elementor-section-height-default\" data-id=\"3f3d4bc\" data-element_type=\"section\">\n\t\t\t\t\t\t<div class=\"elementor-container elementor-column-gap-default\">\n\t\t\t\t\t<div class=\"elementor-column elementor-col-100 elementor-top-column elementor-element elementor-element-762659a\" data-id=\"762659a\" data-element_type=\"column\">\n\t\t\t<div class=\"elementor-widget-wrap elementor-element-populated\">\n\t\t\t\t\t\t<div class=\"elementor-element elementor-element-faf2908 elementor-widget elementor-widget-text-editor\" data-id=\"faf2908\" data-element_type=\"widget\" data-widget_type=\"text-editor.default\">\n\t\t\t\t<div class=\"elementor-widget-container\">\n\t\t\t<span id=\"faf2908\"><\/span>\t\t\t\t<p>Tickets f\u00fcr die F\u00fchrungen sind in der Tourist-Information der gtm (Berliner Stra\u00dfe 63) und online unter <a href=\"https:\/\/www.reservix.de\/veranstaltungskalender?q=stadtf%C3%BChrungen+g%C3%BCtersloh&amp;sort=date\">www.reservix.de<\/a> erh\u00e4ltlich. Zahlreiche Themenf\u00fchrungen aus dem Programm der gtm k\u00f6nnen auch als privater Rundgang gebucht werden. Anfragen werden entgegengenommen unter <a href=\"mailto:gordana.janson@guetersloh-marketing.de\">gordana.janson@guetersloh-marketing.de<\/a>. Eine \u00dcbersicht \u00fcber die anstehenden \u00f6ffentlichen Stadtf\u00fchrungstermine, detaillierte Informationen sowie die Preise finden Sie <a href=\"https:\/\/www.guetersloh-marketing.de\/en\/guetersloh\/stadtfuehrungen\/\">viewed here<\/a>.<\/p>\t\t\t\t\t\t<\/div>\n\t\t\t\t<\/div>\n\t\t\t\t\t<\/div>\n\t\t<\/div>\n\t\t\t\t\t<\/div>\n\t\t<\/section>\n\t\t\t\t<section class=\"elementor-section elementor-top-section elementor-element elementor-element-ccfff7a elementor-section-boxed elementor-section-height-default elementor-section-height-default\" data-id=\"ccfff7a\" data-element_type=\"section\">\n\t\t\t\t\t\t<div class=\"elementor-container elementor-column-gap-default\">\n\t\t\t\t\t<div class=\"elementor-column elementor-col-100 elementor-top-column elementor-element elementor-element-6aff74f\" data-id=\"6aff74f\" data-element_type=\"column\">\n\t\t\t<div class=\"elementor-widget-wrap elementor-element-populated\">\n\t\t\t\t\t\t<div class=\"elementor-element elementor-element-35149fc elementor-icon-list--layout-inline elementor-align-center elementor-list-item-link-full_width elementor-widget elementor-widget-icon-list\" data-id=\"35149fc\" data-element_type=\"widget\" data-widget_type=\"icon-list.default\">\n\t\t\t\t<div class=\"elementor-widget-container\">\n\t\t\t<span id=\"35149fc\"><\/span>\t\t<ul class=\"elementor-icon-list-items elementor-inline-items\">\n\t\t\t\t\t\t\t<li class=\"elementor-icon-list-item elementor-inline-item\">\n\t\t\t\t\t\t\t\t\t\t\t<span class=\"elementor-icon-list-icon\">\n\t\t\t\t\t\t\t<i aria-hidden=\"true\" class=\"far fa-copyright\"><\/i>\t\t\t\t\t\t<\/span>\n\t\t\t\t\t\t\t\t\t\t<span class=\"elementor-icon-list-text\">Titelbild\/Beitragsbild: Daniela Toman<\/span>\n\t\t\t\t\t\t\t\t\t<\/li>\n\t\t\t\t\t\t<\/ul>\n\t\t\t\t<\/div>\n\t\t\t\t<\/div>\n\t\t\t\t\t<\/div>\n\t\t<\/div>\n\t\t\t\t\t<\/div>\n\t\t<\/section>\n\t\t\t\t<\/div>","protected":false},"excerpt":{"rendered":"<p>Wir haben unser Angebot an Stadtf\u00fchrungen ausgebaut und bieten ab sofort viele neue Themenf\u00fchrungen und zahlreiche \u00f6ffentliche Termine an. Neben neuen Konzepten, die das bestehende Angebot erg\u00e4nzen, werden nun auch wochentags F\u00fchrungen am Nachmittag angeboten. <\/p>","protected":false},"author":25,"featured_media":54205,"comment_status":"closed","ping_status":"open","sticky":false,"template":"","format":"standard","meta":{"_acf_changed":false,"footnotes":""},"categories":[1],"tags":[],"competences":[],"class_list":["post-54204","post","type-post","status-publish","format-standard","has-post-thumbnail","hentry","category-allgemein"],"acf":[],"_links":{"self":[{"href":"https:\/\/www.guetersloh-marketing.de\/en\/wp-json\/wp\/v2\/posts\/54204","targetHints":{"allow":["GET"]}}],"collection":[{"href":"https:\/\/www.guetersloh-marketing.de\/en\/wp-json\/wp\/v2\/posts"}],"about":[{"href":"https:\/\/www.guetersloh-marketing.de\/en\/wp-json\/wp\/v2\/types\/post"}],"author":[{"embeddable":true,"href":"https:\/\/www.guetersloh-marketing.de\/en\/wp-json\/wp\/v2\/users\/25"}],"replies":[{"embeddable":true,"href":"https:\/\/www.guetersloh-marketing.de\/en\/wp-json\/wp\/v2\/comments?post=54204"}],"version-history":[{"count":4,"href":"https:\/\/www.guetersloh-marketing.de\/en\/wp-json\/wp\/v2\/posts\/54204\/revisions"}],"predecessor-version":[{"id":54209,"href":"https:\/\/www.guetersloh-marketing.de\/en\/wp-json\/wp\/v2\/posts\/54204\/revisions\/54209"}],"wp:featuredmedia":[{"embeddable":true,"href":"https:\/\/www.guetersloh-marketing.de\/en\/wp-json\/wp\/v2\/media\/54205"}],"wp:attachment":[{"href":"https:\/\/www.guetersloh-marketing.de\/en\/wp-json\/wp\/v2\/media?parent=54204"}],"wp:term":[{"taxonomy":"category","embeddable":true,"href":"https:\/\/www.guetersloh-marketing.de\/en\/wp-json\/wp\/v2\/categories?post=54204"},{"taxonomy":"post_tag","embeddable":true,"href":"https:\/\/www.guetersloh-marketing.de\/en\/wp-json\/wp\/v2\/tags?post=54204"},{"taxonomy":"competences","embeddable":true,"href":"https:\/\/www.guetersloh-marketing.de\/en\/wp-json\/wp\/v2\/competences?post=54204"}],"curies":[{"name":"wp","href":"https:\/\/api.w.org\/{rel}","templated":true}]}}