{"id":49010,"date":"2026-04-22T10:35:43","date_gmt":"2026-04-22T08:35:43","guid":{"rendered":"https:\/\/www.guetersloh-marketing.de\/?p=49010"},"modified":"2026-04-22T10:37:13","modified_gmt":"2026-04-22T08:37:13","slug":"sinnesreise","status":"publish","type":"post","link":"https:\/\/www.guetersloh-marketing.de\/en\/blog\/sinnesreise\/","title":{"rendered":"Nature and pleasure tour through the botanical garden"},"content":{"rendered":"<div data-elementor-type=\"wp-post\" data-elementor-id=\"49010\" class=\"elementor elementor-49010\" data-elementor-post-type=\"post\">\n\t\t\t\t\t\t<section class=\"elementor-section elementor-top-section elementor-element elementor-element-ee74fc3 elementor-section-boxed elementor-section-height-default elementor-section-height-default\" data-id=\"ee74fc3\" data-element_type=\"section\">\n\t\t\t\t\t\t<div class=\"elementor-container elementor-column-gap-default\">\n\t\t\t\t\t<div class=\"elementor-column elementor-col-100 elementor-top-column elementor-element elementor-element-2a122cb\" data-id=\"2a122cb\" data-element_type=\"column\">\n\t\t\t<div class=\"elementor-widget-wrap elementor-element-populated\">\n\t\t\t\t\t\t<div class=\"elementor-element elementor-element-9f38b80 elementor-widget elementor-widget-heading\" data-id=\"9f38b80\" data-element_type=\"widget\" data-widget_type=\"heading.default\">\n\t\t\t\t<div class=\"elementor-widget-container\">\n\t\t\t<span id=\"9f38b80\"><\/span><h1 class=\"elementor-heading-title elementor-size-default\">Nature and pleasure tour through the botanical garden<\/h1>\t\t<\/div>\n\t\t\t\t<\/div>\n\t\t\t\t<div class=\"elementor-element elementor-element-4acf162 elementor-widget elementor-widget-heading\" data-id=\"4acf162\" data-element_type=\"widget\" data-widget_type=\"heading.default\">\n\t\t\t\t<div class=\"elementor-widget-container\">\n\t\t\t<span id=\"4acf162\"><\/span><h2 class=\"elementor-heading-title elementor-size-default\">Special sensory journey with park guide Anne Stienemeier<\/h2>\t\t<\/div>\n\t\t\t\t<\/div>\n\t\t\t\t\t<\/div>\n\t\t<\/div>\n\t\t\t\t\t<\/div>\n\t\t<\/section>\n\t\t\t\t<section class=\"elementor-section elementor-top-section elementor-element elementor-element-ef73592 elementor-section-boxed elementor-section-height-default elementor-section-height-default\" data-id=\"ef73592\" data-element_type=\"section\">\n\t\t\t\t\t\t<div class=\"elementor-container elementor-column-gap-default\">\n\t\t\t\t\t<div class=\"elementor-column elementor-col-50 elementor-top-column elementor-element elementor-element-29d90c3\" data-id=\"29d90c3\" data-element_type=\"column\">\n\t\t\t<div class=\"elementor-widget-wrap elementor-element-populated\">\n\t\t\t\t\t\t<div class=\"elementor-element elementor-element-b709c00 elementor-widget elementor-widget-text-editor\" data-id=\"b709c00\" data-element_type=\"widget\" data-widget_type=\"text-editor.default\">\n\t\t\t\t<div class=\"elementor-widget-container\">\n\t\t\t<span id=\"b709c00\"><\/span>\t\t\t\t<p>Wir bieten in diesem Jahr wieder die F\u00fchrung \u201eDer Botanische Garten \u2013 Eine Reise f\u00fcr die Sinne!\u201c im Botanischen Garten G\u00fctersloh an. Parkf\u00fchrerin und langj\u00e4hrige G\u00e4rtnerin Anne Stienemeier nimmt die Teilnehmenden mit auf eine besondere Entdeckungsreise durch die faszinierende Welt des Botanischen Gartens und l\u00e4sst sie die Sch\u00f6nheit und Vielfalt der Natur mit allen Sinnen erleben. Dar\u00fcber hinaus liefert die F\u00fchrung auch Einblicke in die verschiedenen Gartenbereiche und vermittelt Hintergrundwissen \u00fcber die Entstehung des Botanischen Gartens und seiner Entwicklung im Laufe der Jahre.<\/p>\t\t\t\t\t\t<\/div>\n\t\t\t\t<\/div>\n\t\t\t\t<div class=\"elementor-element elementor-element-6842be6 elementor-widget elementor-widget-text-editor\" data-id=\"6842be6\" data-element_type=\"widget\" data-widget_type=\"text-editor.default\">\n\t\t\t\t<div class=\"elementor-widget-container\">\n\t\t\t<span id=\"6842be6\"><\/span>\t\t\t\t<p>Participants can look forward to a special break where they can be surprised by fine aromas and natural flavors. A highlight of the tour is a small tasting session where participants can enjoy special delicacies and aromas from our natural surroundings. In the last part of the tour, park guide Anne Stienemeier takes participants on a short dream journey to fully enjoy the tranquillity of the garden and let the impressions they have gained sink in.<\/p>\t\t\t\t\t\t<\/div>\n\t\t\t\t<\/div>\n\t\t\t\t\t<\/div>\n\t\t<\/div>\n\t\t\t\t<div class=\"elementor-column elementor-col-50 elementor-top-column elementor-element elementor-element-9664341\" data-id=\"9664341\" data-element_type=\"column\">\n\t\t\t<div class=\"elementor-widget-wrap elementor-element-populated\">\n\t\t\t\t\t\t<div class=\"elementor-element elementor-element-d179380 elementor-widget elementor-widget-image\" data-id=\"d179380\" data-element_type=\"widget\" data-widget_type=\"image.default\">\n\t\t\t\t<div class=\"elementor-widget-container\">\n\t\t\t<span id=\"d179380\"><\/span>\t\t\t\t\t\t\t\t\t\t<img fetchpriority=\"high\" decoding=\"async\" width=\"800\" height=\"534\" src=\"https:\/\/www.guetersloh-marketing.de\/wp-content\/uploads\/2025\/03\/der-botanische-garten-eine-reise-fuer-die-sinne-guetersloh-stadtpark-teutoburger-wald-tourismus-patrick-gawandtka-012-1024x683.jpg\" class=\"attachment-large size-large wp-image-48955\" alt=\"Eine Frau und ein Mann sitzen entspannt auf einer Picknickdecke auf einer Wiese. Die Stimmung wirkt gel\u00f6st und sie haben einen Picknickkorb mit Leckereien dabei.\" srcset=\"https:\/\/www.guetersloh-marketing.de\/wp-content\/uploads\/2025\/03\/der-botanische-garten-eine-reise-fuer-die-sinne-guetersloh-stadtpark-teutoburger-wald-tourismus-patrick-gawandtka-012-1024x683.jpg 1024w, https:\/\/www.guetersloh-marketing.de\/wp-content\/uploads\/2025\/03\/der-botanische-garten-eine-reise-fuer-die-sinne-guetersloh-stadtpark-teutoburger-wald-tourismus-patrick-gawandtka-012-300x200.jpg 300w, https:\/\/www.guetersloh-marketing.de\/wp-content\/uploads\/2025\/03\/der-botanische-garten-eine-reise-fuer-die-sinne-guetersloh-stadtpark-teutoburger-wald-tourismus-patrick-gawandtka-012-768x512.jpg 768w, https:\/\/www.guetersloh-marketing.de\/wp-content\/uploads\/2025\/03\/der-botanische-garten-eine-reise-fuer-die-sinne-guetersloh-stadtpark-teutoburger-wald-tourismus-patrick-gawandtka-012-18x12.jpg 18w, https:\/\/www.guetersloh-marketing.de\/wp-content\/uploads\/2025\/03\/der-botanische-garten-eine-reise-fuer-die-sinne-guetersloh-stadtpark-teutoburger-wald-tourismus-patrick-gawandtka-012-560x373.jpg 560w, https:\/\/www.guetersloh-marketing.de\/wp-content\/uploads\/2025\/03\/der-botanische-garten-eine-reise-fuer-die-sinne-guetersloh-stadtpark-teutoburger-wald-tourismus-patrick-gawandtka-012.jpg 1500w\" sizes=\"(max-width: 800px) 100vw, 800px\" \/>\t\t\t\t\t\t\t\t\t\t\t\t\t<\/div>\n\t\t\t\t<\/div>\n\t\t\t\t\t<\/div>\n\t\t<\/div>\n\t\t\t\t\t<\/div>\n\t\t<\/section>\n\t\t\t\t<section class=\"elementor-section elementor-top-section elementor-element elementor-element-b199d24 elementor-section-boxed elementor-section-height-default elementor-section-height-default\" data-id=\"b199d24\" data-element_type=\"section\">\n\t\t\t\t\t\t<div class=\"elementor-container elementor-column-gap-default\">\n\t\t\t\t\t<div class=\"elementor-column elementor-col-100 elementor-top-column elementor-element elementor-element-055ffb8\" data-id=\"055ffb8\" data-element_type=\"column\">\n\t\t\t<div class=\"elementor-widget-wrap elementor-element-populated\">\n\t\t\t\t\t\t<div class=\"elementor-element elementor-element-e26ccdc elementor-widget elementor-widget-text-editor\" data-id=\"e26ccdc\" data-element_type=\"widget\" data-widget_type=\"text-editor.default\">\n\t\t\t\t<div class=\"elementor-widget-container\">\n\t\t\t<span id=\"e26ccdc\"><\/span>\t\t\t\t<p>Die rund zweieinhalbst\u00fcndige Tour startet am Eingang zum Botanischen Garten (Ecke Parkstra\u00dfe\/Badstra\u00dfe).\u00a0). Die F\u00fchrung findet samstags jeweils um 11 Uhr am 9. Mai, 13. Juni, 4. Juli und 11. Juli statt. Zus\u00e4tzlich wird sie im Rahmen der <a href=\"https:\/\/www.guetersloh-marketing.de\/en\/guetersloh\/stadtfuehrungen\/guetersloh-rund-um-die-uhr\/\">Veranstaltung \u201eG\u00fctersloh rund um die Uhr \u2013 24h Stadtf\u00fchrung\u201c<\/a> am Samstag, 20. Juni, um 14 Uhr angeboten. Tickets erhalten Sie in der Tourist-Information (Berliner Stra\u00dfe 63) oder online unter reservix.de f\u00fcr 22 Euro pro Person. Tickets erhalten Sie in der Tourist-Information (Berliner Stra\u00dfe 63) oder <a href=\"https:\/\/www.reservix.de\/veranstaltungskalender?page=2&amp;q=g%C3%BCtersloh+stadtf%C3%BChrungen\">online at reservix.de<\/a> for 15 euros per person. Any food intolerances or special diets must be stated when purchasing the ticket, as it is unfortunately not possible to take them into account at a later date. Please bring a blanket, yoga mat or similar. Like many themed tours in the gtm program, the tour can also be booked for private groups in spring and summer. Inquiries can be made at gordana.janson@guetersloh-marketing.de. Further information can be found at <a href=\"https:\/\/www.guetersloh-marketing.de\/en\/blog\/projects\/eine-reise-fuer-die-sinne\/\">viewed here<\/a>.<\/p>\t\t\t\t\t\t<\/div>\n\t\t\t\t<\/div>\n\t\t\t\t\t<\/div>\n\t\t<\/div>\n\t\t\t\t\t<\/div>\n\t\t<\/section>\n\t\t\t\t<section class=\"elementor-section elementor-top-section elementor-element elementor-element-7950a7e elementor-section-boxed elementor-section-height-default elementor-section-height-default\" data-id=\"7950a7e\" data-element_type=\"section\">\n\t\t\t\t\t\t<div class=\"elementor-container elementor-column-gap-default\">\n\t\t\t\t\t<div class=\"elementor-column elementor-col-100 elementor-top-column elementor-element elementor-element-6db92f4\" data-id=\"6db92f4\" data-element_type=\"column\">\n\t\t\t<div class=\"elementor-widget-wrap elementor-element-populated\">\n\t\t\t\t\t\t<div class=\"elementor-element elementor-element-43df11a elementor-icon-list--layout-inline elementor-align-center elementor-list-item-link-full_width elementor-widget elementor-widget-icon-list\" data-id=\"43df11a\" data-element_type=\"widget\" data-widget_type=\"icon-list.default\">\n\t\t\t\t<div class=\"elementor-widget-container\">\n\t\t\t<span id=\"43df11a\"><\/span>\t\t<ul class=\"elementor-icon-list-items elementor-inline-items\">\n\t\t\t\t\t\t\t<li class=\"elementor-icon-list-item elementor-inline-item\">\n\t\t\t\t\t\t\t\t\t\t\t<span class=\"elementor-icon-list-icon\">\n\t\t\t\t\t\t\t<i aria-hidden=\"true\" class=\"far fa-copyright\"><\/i>\t\t\t\t\t\t<\/span>\n\t\t\t\t\t\t\t\t\t\t<span class=\"elementor-icon-list-text\">Cover photo \/ Contributing photo: Teutoburg Forest Tourism, Patrick Gawandtka<\/span>\n\t\t\t\t\t\t\t\t\t<\/li>\n\t\t\t\t\t\t<\/ul>\n\t\t\t\t<\/div>\n\t\t\t\t<\/div>\n\t\t\t\t\t<\/div>\n\t\t<\/div>\n\t\t\t\t\t<\/div>\n\t\t<\/section>\n\t\t\t\t<\/div>","protected":false},"excerpt":{"rendered":"<p>G\u00fctersloh Marketing (gtm) bietet in diesem Jahr wieder die beliebte F\u00fchrung \u201eDer Botanische Garten \u2013 Eine Reise f\u00fcr die Sinne!\u201c im Botanischen Garten G\u00fctersloh an. <\/p>","protected":false},"author":25,"featured_media":48955,"comment_status":"open","ping_status":"open","sticky":false,"template":"","format":"standard","meta":{"_acf_changed":false,"footnotes":""},"categories":[1],"tags":[688,525],"competences":[],"class_list":["post-49010","post","type-post","status-publish","format-standard","has-post-thumbnail","hentry","category-allgemein","tag-botanischer-garten","tag-stadtfuehrung"],"acf":[],"_links":{"self":[{"href":"https:\/\/www.guetersloh-marketing.de\/en\/wp-json\/wp\/v2\/posts\/49010","targetHints":{"allow":["GET"]}}],"collection":[{"href":"https:\/\/www.guetersloh-marketing.de\/en\/wp-json\/wp\/v2\/posts"}],"about":[{"href":"https:\/\/www.guetersloh-marketing.de\/en\/wp-json\/wp\/v2\/types\/post"}],"author":[{"embeddable":true,"href":"https:\/\/www.guetersloh-marketing.de\/en\/wp-json\/wp\/v2\/users\/25"}],"replies":[{"embeddable":true,"href":"https:\/\/www.guetersloh-marketing.de\/en\/wp-json\/wp\/v2\/comments?post=49010"}],"version-history":[{"count":12,"href":"https:\/\/www.guetersloh-marketing.de\/en\/wp-json\/wp\/v2\/posts\/49010\/revisions"}],"predecessor-version":[{"id":54899,"href":"https:\/\/www.guetersloh-marketing.de\/en\/wp-json\/wp\/v2\/posts\/49010\/revisions\/54899"}],"wp:featuredmedia":[{"embeddable":true,"href":"https:\/\/www.guetersloh-marketing.de\/en\/wp-json\/wp\/v2\/media\/48955"}],"wp:attachment":[{"href":"https:\/\/www.guetersloh-marketing.de\/en\/wp-json\/wp\/v2\/media?parent=49010"}],"wp:term":[{"taxonomy":"category","embeddable":true,"href":"https:\/\/www.guetersloh-marketing.de\/en\/wp-json\/wp\/v2\/categories?post=49010"},{"taxonomy":"post_tag","embeddable":true,"href":"https:\/\/www.guetersloh-marketing.de\/en\/wp-json\/wp\/v2\/tags?post=49010"},{"taxonomy":"competences","embeddable":true,"href":"https:\/\/www.guetersloh-marketing.de\/en\/wp-json\/wp\/v2\/competences?post=49010"}],"curies":[{"name":"wp","href":"https:\/\/api.w.org\/{rel}","templated":true}]}}